{"id":362,"date":"2023-02-10T01:24:15","date_gmt":"2023-02-09T23:24:15","guid":{"rendered":"https:\/\/www.inviteme.ro\/blog\/?p=362"},"modified":"2023-02-10T12:11:12","modified_gmt":"2023-02-10T10:11:12","slug":"tematica-nuntii-tale-este-ocazia-perfecta","status":"publish","type":"post","link":"https:\/\/www.inviteme.ro\/blog\/tematica-nuntii-tale-este-ocazia-perfecta\/","title":{"rendered":"Ce tematic\u0103 alegem pentru nunta noastr\u0103?"},"content":{"rendered":"\n<blockquote class=\"wp-block-quote\">\n<p>Alege o tematic\u0103 care reflect\u0103 personalitatea \u0219i dragostea ta!<\/p>\n<\/blockquote>\n\n\n\n<p>Transform\u0103 ziua nun\u021bii tale \u00eentr-o expresie a iubirii tale!  Aloc\u0103-\u021bi timp s\u0103 g\u00e2nde\u0219ti cum vrei s\u0103 r\u0103m\u00e2n\u0103 acea zi memorabil\u0103 pentru totdeauna!<\/p>\n\n\n\n<p>Indiferent dac\u0103 iube\u0219ti arta sau te bucuri de plaja cu soare, tematica nun\u021bii tale poate reflec\u021ba acele pasiuni care te definesc. Imbin\u0103-\u021bi gusturile cu stilul t\u0103u unic \u0219i creeaz\u0103 o nunt\u0103 care s\u0103 fie o oglind\u0103 perfect\u0103 a rela\u021biei voastre.<\/p>\n\n\n\n<p>Alegerea tematicii pentru nunta ta poate fi una dintre cele mai importante decizii pe care le vei lua \u00een procesul de planificare a nuntii tale. Tematica ta poate dicta atmosfera, decorul \u0219i stilul general al evenimentului t\u0103u, astfel \u00eenc\u00e2t s\u0103 reflecte personalitatea ta \u0219i rela\u021bia ta cu partenerul t\u0103u.<\/p>\n\n\n\n<p>C\u00e2nd vine vorba de tematici nup\u021biale, exist\u0103 o gam\u0103 larg\u0103 de op\u021biuni, de la tradi\u021bionale la moderne, de la rustice la exotice. Alegerea ta va depinde de gusturile \u0219i preferin\u021bele tale, dar \u0219i de loca\u021bia, stilul \u0219i budgetul t\u0103u.<\/p>\n\n\n\n<h2 class=\"wp-block-heading\">Cum ne putem alege stilul reprezentativ?<\/h2>\n\n\n\n<!--more-->\n\n\n\n<p>Vrei s\u0103 te asiguri c\u0103 nunta ta va ar\u0103ta \u0219i va fi exact a\u0219a cum \u021bi-ai imaginat-o mereu? Atunci hai s\u0103 facem un mic exerci\u021biu \u00eempreun\u0103! <\/p>\n\n\n\n<p>Discut\u0103 cu partenerul t\u0103u despre visele \u0219i preferin\u021bele voastre \u0219i \u00eentreab\u0103-v\u0103:<\/p>\n\n\n\n<ul>\n<li>Cum a\u021bi visat la aceast\u0103 zi \u00eenc\u0103 din copil\u0103rie?<\/li>\n\n\n\n<li>Ce nunt\u0103 v-a t\u0103iat r\u0103suflarea?<\/li>\n\n\n\n<li>Ce poveste vre\u021bi s\u0103 spun\u0103 detaliile \u0219i decorul?<\/li>\n<\/ul>\n\n\n\n<p>Acestea sunt \u00eentreb\u0103ri cheie care v\u0103 vor ajuta s\u0103 g\u0103si\u021bi stilul perfect care vi se potrive\u0219te, iar noi suntem aici s\u0103 v\u0103 ar\u0103t\u0103m c\u00e2teva tematici \u0219i stiluri care v\u0103 pot inspira, dar \u00een final, totul depinde de voi s\u0103 le personaliza\u021bi \u00een modul \u00een care v\u0103 dori\u021bi!<\/p>\n\n\n\n<h3 class=\"wp-block-heading\"><strong><mark style=\"background-color:rgba(0, 0, 0, 0)\" class=\"has-inline-color has-black-color\">Stilul Clasic<\/mark><\/strong><\/h3>\n\n\n\n<p>Nunta ta, un omagiu la elegan\u021ba clasic\u0103!<\/p>\n\n\n\n<p>Dac\u0103 iubi\u021bi ceea ce este elegant \u0219i tradi\u021bional, atunci un stil clasic poate fi alegerea perfect\u0103 pentru nunta voastr\u0103. Imagineaz\u0103-\u021bi rochii lungi \u0219i sofisticate, flori albe \u0219i decoruri elegante, cre\u00e2nd o atmosfer\u0103 memorabil\u0103 pentru invita\u021bii t\u0103i.<\/p>\n\n\n\n<p>Stilul clasic poate realiza acest lucru, oferind un cadru perfect pentru a s\u0103rb\u0103tori dragostea voastr\u0103.<\/p>\n\n\n\n<figure class=\"wp-block-image size-full\"><img decoding=\"async\" loading=\"lazy\" width=\"1080\" height=\"1350\" src=\"https:\/\/www.inviteme.ro\/blog\/wp-content\/uploads\/2023\/02\/54437498_559029344610368_4237196751758426112_n.jpeg\" alt=\"Conacul boieresc, decorul boem \u0219i un cvartet armonios au adus noble\u021be \u0219i rafinament unei petreceri de vis.\" class=\"wp-image-414\" srcset=\"https:\/\/www.inviteme.ro\/blog\/wp-content\/uploads\/2023\/02\/54437498_559029344610368_4237196751758426112_n.jpeg 1080w, https:\/\/www.inviteme.ro\/blog\/wp-content\/uploads\/2023\/02\/54437498_559029344610368_4237196751758426112_n-240x300.jpeg 240w, https:\/\/www.inviteme.ro\/blog\/wp-content\/uploads\/2023\/02\/54437498_559029344610368_4237196751758426112_n-819x1024.jpeg 819w, https:\/\/www.inviteme.ro\/blog\/wp-content\/uploads\/2023\/02\/54437498_559029344610368_4237196751758426112_n-768x960.jpeg 768w\" sizes=\"(max-width: 1080px) 100vw, 1080px\" \/><\/figure>\n\n\n\n<h3 class=\"wp-block-heading\"><strong><mark style=\"background-color:rgba(0, 0, 0, 0)\" class=\"has-inline-color has-black-color\">Tematic\u0103 Boho Chic sau Vintage<\/mark><\/strong><\/h3>\n\n\n\n<p>Nun\u021bile vintage sau boho chic sunt un adev\u0103rat spectacol pentru ochi, pline de culoare \u0219i personalitate. Dac\u0103 e\u0219ti \u00een c\u0103utarea unui stil unic, cu o atmosfer\u0103 relaxat\u0103, aceast\u0103 tematic\u0103 este perfect\u0103 pentru tine.<\/p>\n\n\n\n<p>Cu accente boeme, acest stil se bazeaz\u0103 pe elemente naturale, cum ar fi florile, penele \u0219i materialele fine. Rochiile de mireas\u0103 vintage au o siluet\u0103 clasic\u0103, cu tren\u0103 \u0219i broderii fine, \u00een timp ce varianta boho chic se remarc\u0103 prin faldurile fluide \u0219i aplica\u021biile de paiete.<\/p>\n\n\n\n<p>Pentru decor, opteaz\u0103 pentru aranjamente florale vii, precum floarea soarelui, bujorii sau lavanda, dispuse \u00een vaze rustice sau \u00een ghivece din sticl\u0103. Lum\u00e2n\u0103rile colorate adaug\u0103 o atmosfer\u0103 romantic\u0103, iar mesele aranjate cu cu fe\u021be de mas\u0103 albe, cu tesaturi textile decorative, \u00ee\u021bi vor aminti de verile petrecute pe plaj\u0103 sau la munte.<\/p>\n\n\n\n<p>Fie c\u0103 alegi un stil vintage clasic sau unul boho chic, aceast\u0103 tematic\u0103 \u00ee\u021bi va permite s\u0103-\u021bi ar\u0103\u021bi personalitatea \u0219i s\u0103-\u021bi crezi propria poveste de dragoste. Nunta ta va fi un eveniment care se va distinge prin stil, personalitate \u0219i un vibe boem, care va r\u0103m\u00e2ne \u00een memoria invita\u021bilor mult timp de acum \u00eenainte.<\/p>\n\n\n\n<figure class=\"wp-block-image size-large\"><img decoding=\"async\" loading=\"lazy\" width=\"1024\" height=\"726\" src=\"https:\/\/www.inviteme.ro\/blog\/wp-content\/uploads\/2023\/02\/festive-wedding-arch-1024x726.jpg\" alt=\"Nunta boho chic vintage.\nhttps:\/\/www.freepik.com\/free-photo\/italian-wedding-decoration-green-eucalyptus-oranges-pink-\" class=\"wp-image-415\" srcset=\"https:\/\/www.inviteme.ro\/blog\/wp-content\/uploads\/2023\/02\/festive-wedding-arch-1024x726.jpg 1024w, https:\/\/www.inviteme.ro\/blog\/wp-content\/uploads\/2023\/02\/festive-wedding-arch-300x213.jpg 300w, https:\/\/www.inviteme.ro\/blog\/wp-content\/uploads\/2023\/02\/festive-wedding-arch-768x545.jpg 768w, https:\/\/www.inviteme.ro\/blog\/wp-content\/uploads\/2023\/02\/festive-wedding-arch-1536x1090.jpg 1536w, https:\/\/www.inviteme.ro\/blog\/wp-content\/uploads\/2023\/02\/festive-wedding-arch.jpg 1920w\" sizes=\"(max-width: 1024px) 100vw, 1024px\" \/><\/figure>\n\n\n\n<h3 class=\"wp-block-heading\"><mark style=\"background-color:rgba(0, 0, 0, 0)\" class=\"has-inline-color has-black-color\"><strong>Tematic\u0103 tropical\u0103 sau nautic\u0103<\/strong><\/mark><\/h3>\n\n\n\n<p>Nun\u021bile la mare sau l\u00e2ng\u0103 un lac sunt aventura vie\u021bii tale, unde te c\u0103s\u0103tore\u0219ti cu valurile \u0219i soarele \u00een fundal. Bucur\u0103-te de tonurile nisipii, aurii, albastre \u0219i, albe, cre\u00e2nd un vibe cu detalii tematice precum scoici, ancore, fr\u00e2nghii, stuf, frunze de m\u0103slini sau l\u0103m\u00e2i. <\/p>\n\n\n\n<p>Pentru rochia de mireas\u0103, po\u021bi opta pentru o \u021binut\u0103 \u00een ton cu tematica, cu un stil lejer, dar elegant, completat\u0103 de un buchet de flori cu ramuri de salcie sau de m\u0103sline \u0219i elemente din stuf, frunze de palmier sau scoici pentru a da un aspect natural buchetului.<\/p>\n\n\n\n<p>De asemenea, nunta poate fi \u00eentregit\u0103 cu <a href=\"http:\/\/www.inviteme.ro\">invita\u021bii online<\/a> tematice, lum\u00e2n\u0103ri \u00een form\u0103 de ancor\u0103 \u0219i meniuri inspirate de produsele marine.<\/p>\n\n\n\n<p>Pentru loca\u021bie, un restaurant sau hotel cu vedere la mare sau chiar o plaj\u0103 privat\u0103 pot fi o alegere perfect\u0103. <\/p>\n\n\n\n<figure class=\"wp-block-image size-large\"><img decoding=\"async\" loading=\"lazy\" width=\"1024\" height=\"684\" src=\"https:\/\/www.inviteme.ro\/blog\/wp-content\/uploads\/2023\/02\/empty-glasses-cutlery-table-linen-guest-table-1024x684.jpg\" alt=\"Nunta la mare. Idei de decor. Ramuri de maslini. \" class=\"wp-image-417\" srcset=\"https:\/\/www.inviteme.ro\/blog\/wp-content\/uploads\/2023\/02\/empty-glasses-cutlery-table-linen-guest-table-1024x684.jpg 1024w, https:\/\/www.inviteme.ro\/blog\/wp-content\/uploads\/2023\/02\/empty-glasses-cutlery-table-linen-guest-table-300x200.jpg 300w, https:\/\/www.inviteme.ro\/blog\/wp-content\/uploads\/2023\/02\/empty-glasses-cutlery-table-linen-guest-table-768x513.jpg 768w, https:\/\/www.inviteme.ro\/blog\/wp-content\/uploads\/2023\/02\/empty-glasses-cutlery-table-linen-guest-table-1536x1026.jpg 1536w, https:\/\/www.inviteme.ro\/blog\/wp-content\/uploads\/2023\/02\/empty-glasses-cutlery-table-linen-guest-table.jpg 1920w\" sizes=\"(max-width: 1024px) 100vw, 1024px\" \/><\/figure>\n\n\n\n<figure class=\"wp-block-image size-large\"><img decoding=\"async\" loading=\"lazy\" width=\"1024\" height=\"768\" src=\"https:\/\/www.inviteme.ro\/blog\/wp-content\/uploads\/2023\/02\/IMG_6672-1024x768.jpg\" alt=\"Nunta la mare. Idei de decor\" class=\"wp-image-416\" srcset=\"https:\/\/www.inviteme.ro\/blog\/wp-content\/uploads\/2023\/02\/IMG_6672-1024x768.jpg 1024w, https:\/\/www.inviteme.ro\/blog\/wp-content\/uploads\/2023\/02\/IMG_6672-300x225.jpg 300w, https:\/\/www.inviteme.ro\/blog\/wp-content\/uploads\/2023\/02\/IMG_6672-768x576.jpg 768w, https:\/\/www.inviteme.ro\/blog\/wp-content\/uploads\/2023\/02\/IMG_6672-1536x1152.jpg 1536w, https:\/\/www.inviteme.ro\/blog\/wp-content\/uploads\/2023\/02\/IMG_6672.jpg 1920w\" sizes=\"(max-width: 1024px) 100vw, 1024px\" \/><\/figure>\n\n\n\n<h3 class=\"wp-block-heading\"><strong>Stilul Modern<\/strong><\/h3>\n\n\n\n<p>Un nou nivel de elegan\u021b\u0103 &#8211; a\u0219a poate fi descris stilul modern de nunt\u0103, iar primul pas spre o nunt\u0103 modern\u0103 sunt noile <a href=\"http:\/\/www.inviteme.ro\">invita\u021bii online<\/a> pe care le pute\u021bi personaliza a\u0219a cum \u00ee\u021bi dore\u0219ti. <\/p>\n\n\n\n<p>Imagineaz\u0103-\u021bi linii curate, forme geometrice \u0219i un design minimalist, care cunoa\u0219te foarte pu\u021bine limit\u0103ri. Fii creativ \u0219i personalizeaz\u0103 tematica ta cu elementele tale preferate. <\/p>\n\n\n\n<p>Mireasa poate renun\u021ba la tradi\u021bia albului \u0219i poate opta pentru o nou\u0103 nuan\u021b\u0103, care s\u0103-i reflecte personalitatea. Scaunele elegante, un fundal structural \u00een nuan\u021be de gri, negru cu auriu sau chiar o schem\u0103 de culori \u00eendr\u0103znea\u021b\u0103 vor crea un ambient modern \u0219i sofisticat. Nunta ta modern\u0103 va fi o declara\u021bie a stilului t\u0103u personal.<\/p>\n\n\n\n<p>Primul pas spre o nunt\u0103 modern\u0103 sunt noile <a href=\"http:\/\/www.inviteme.ro\">invita\u021bii online<\/a> pe care le pute\u021bi personaliza a\u0219a cum \u00ee\u021bi dore\u0219ti.<\/p>\n\n\n\n<figure class=\"wp-block-image size-full\"><img decoding=\"async\" loading=\"lazy\" width=\"1000\" height=\"667\" src=\"https:\/\/www.inviteme.ro\/blog\/wp-content\/uploads\/2022\/04\/Modern-wedding.jpg\" alt=\"nunta moderna\" class=\"wp-image-366\" srcset=\"https:\/\/www.inviteme.ro\/blog\/wp-content\/uploads\/2022\/04\/Modern-wedding.jpg 1000w, https:\/\/www.inviteme.ro\/blog\/wp-content\/uploads\/2022\/04\/Modern-wedding-300x200.jpg 300w, https:\/\/www.inviteme.ro\/blog\/wp-content\/uploads\/2022\/04\/Modern-wedding-768x512.jpg 768w\" sizes=\"(max-width: 1000px) 100vw, 1000px\" \/><\/figure>\n\n\n\n<h3 class=\"wp-block-heading\"><strong>Nunta inspirat\u0103 din basme<\/strong><\/h3>\n\n\n\n<p>Transform\u0103-\u021bi ziua nun\u021bii \u00eentr-un basm adev\u0103rat cu o tematic\u0103 inspirat\u0103 din pove\u0219ti! Imagineaz\u0103-\u021bi o rochie de mireas\u0103 precum cea a Cenus\u0103resei, cu nuan\u021be delicate, candelabre de cristal \u0219i aranjamente florale opulente. Un cadru romantic, precum un conac pe malul apei sau o nunt\u0103 \u00een aer liber pe un deal, poate crea atmosfera perfect\u0103 pentru un basm transpus \u00een via\u021ba real\u0103.<\/p>\n\n\n\n<p>Surprinde-\u021bi invita\u021bii cu <a href=\"http:\/\/www.inviteme.ro\">invita\u021bii online<\/a> unice. Fii atent la detalii, indiferent dac\u0103 alegi albul clasic, crem, ivoire, ecru, roz pal, auriu sau argintiu, acestea vor fi acele elemente care vor face ca ziua nun\u021bii tale s\u0103 fie un adev\u0103rat basm. <\/p>\n\n\n\n<figure class=\"wp-block-image size-full\"><img decoding=\"async\" loading=\"lazy\" width=\"1000\" height=\"667\" src=\"https:\/\/www.inviteme.ro\/blog\/wp-content\/uploads\/2022\/04\/fairytale-wedding.jpg\" alt=\"Nunta ca in basme\" class=\"wp-image-367\" srcset=\"https:\/\/www.inviteme.ro\/blog\/wp-content\/uploads\/2022\/04\/fairytale-wedding.jpg 1000w, https:\/\/www.inviteme.ro\/blog\/wp-content\/uploads\/2022\/04\/fairytale-wedding-300x200.jpg 300w, https:\/\/www.inviteme.ro\/blog\/wp-content\/uploads\/2022\/04\/fairytale-wedding-768x512.jpg 768w\" sizes=\"(max-width: 1000px) 100vw, 1000px\" \/><\/figure>\n\n\n\n<p>Oricare ar fi stilul ales cel mai important este ca nunta s\u0103 v\u0103 reprezinte. Trebuie s\u0103 alege\u021bi doar elementele care vi se potrivesc din orice tematic\u0103 \u0219i s\u0103 v\u0103 distra\u021bi a\u0219a cum v-a\u021bi imaginat mereu pentru c\u0103 aceast\u0103 zi este despre voi!<\/p>\n\n\n\n<p>Indiferent de tematica aleas\u0103, cel mai important lucru este s\u0103 te asiguri c\u0103 este una care reflec\u021b\u0103 iubirea \u0219i personalitatea ta \u0219i a partenerului t\u0103u. A\u0219a c\u0103 ia o pauz\u0103, inspir\u0103-te \u0219i alege tematica perfect\u0103 pentru nunta ta!<\/p>\n","protected":false},"excerpt":{"rendered":"<p>Alege o tematic\u0103 care reflect\u0103 personalitatea \u0219i dragostea ta!<\/p>\n","protected":false},"author":1,"featured_media":411,"comment_status":"open","ping_status":"open","sticky":true,"template":"","format":"standard","meta":{"footnotes":""},"categories":[2],"tags":[],"yoast_head":"<!-- This site is optimized with the Yoast SEO plugin v21.5 - https:\/\/yoast.com\/wordpress\/plugins\/seo\/ -->\n<title>Ce tematic\u0103 alegem pentru nunta noastr\u0103? - Blog InviteMe.ro<\/title>\n<meta name=\"description\" content=\"Tematica nun\u021bii tale este ocazia perfect\u0103 de a transforma aceast\u0103 zi special\u0103 \u00eentr-o adev\u0103rat\u0103 reflec\u021bie a stilului vostru ca \u0219i cuplu.\" \/>\n<meta name=\"robots\" content=\"index, follow, max-snippet:-1, max-image-preview:large, max-video-preview:-1\" \/>\n<link rel=\"canonical\" href=\"https:\/\/www.inviteme.ro\/blog\/tematica-nuntii-tale-este-ocazia-perfecta\/\" \/>\n<meta property=\"og:locale\" content=\"ro_RO\" \/>\n<meta property=\"og:type\" content=\"article\" \/>\n<meta property=\"og:title\" content=\"Ce tematic\u0103 alegem pentru nunta noastr\u0103? - Blog InviteMe.ro\" \/>\n<meta property=\"og:description\" content=\"Tematica nun\u021bii tale este ocazia perfect\u0103 de a transforma aceast\u0103 zi special\u0103 \u00eentr-o adev\u0103rat\u0103 reflec\u021bie a stilului vostru ca \u0219i cuplu.\" \/>\n<meta property=\"og:url\" content=\"https:\/\/www.inviteme.ro\/blog\/tematica-nuntii-tale-este-ocazia-perfecta\/\" \/>\n<meta property=\"og:site_name\" content=\"Blog InviteMe.ro\" \/>\n<meta property=\"article:publisher\" content=\"https:\/\/www.facebook.com\/invitatiidigitale\" \/>\n<meta property=\"article:published_time\" content=\"2023-02-09T23:24:15+00:00\" \/>\n<meta property=\"article:modified_time\" content=\"2023-02-10T10:11:12+00:00\" \/>\n<meta property=\"og:image\" content=\"https:\/\/www.inviteme.ro\/blog\/wp-content\/uploads\/2023\/02\/52914704_2667617783280768_5352628917062598656_n.jpeg\" \/>\n\t<meta property=\"og:image:width\" content=\"2048\" \/>\n\t<meta property=\"og:image:height\" content=\"1362\" \/>\n\t<meta property=\"og:image:type\" content=\"image\/jpeg\" \/>\n<meta name=\"author\" content=\"InviteMe\" \/>\n<meta name=\"twitter:card\" content=\"summary_large_image\" \/>\n<meta name=\"twitter:label1\" content=\"Scris de\" \/>\n\t<meta name=\"twitter:data1\" content=\"InviteMe\" \/>\n\t<meta name=\"twitter:label2\" content=\"Timp estimat pentru citire\" \/>\n\t<meta name=\"twitter:data2\" content=\"7 minute\" \/>\n<script type=\"application\/ld+json\" class=\"yoast-schema-graph\">{\"@context\":\"https:\/\/schema.org\",\"@graph\":[{\"@type\":\"Article\",\"@id\":\"https:\/\/www.inviteme.ro\/blog\/tematica-nuntii-tale-este-ocazia-perfecta\/#article\",\"isPartOf\":{\"@id\":\"https:\/\/www.inviteme.ro\/blog\/tematica-nuntii-tale-este-ocazia-perfecta\/\"},\"author\":{\"name\":\"InviteMe\",\"@id\":\"https:\/\/www.inviteme.ro\/blog\/#\/schema\/person\/59954049d723e153b52480f05d4791a5\"},\"headline\":\"Ce tematic\u0103 alegem pentru nunta noastr\u0103?\",\"datePublished\":\"2023-02-09T23:24:15+00:00\",\"dateModified\":\"2023-02-10T10:11:12+00:00\",\"mainEntityOfPage\":{\"@id\":\"https:\/\/www.inviteme.ro\/blog\/tematica-nuntii-tale-este-ocazia-perfecta\/\"},\"wordCount\":1113,\"commentCount\":0,\"publisher\":{\"@id\":\"https:\/\/www.inviteme.ro\/blog\/#organization\"},\"articleSection\":[\"Nunta\"],\"inLanguage\":\"ro-RO\",\"potentialAction\":[{\"@type\":\"CommentAction\",\"name\":\"Comment\",\"target\":[\"https:\/\/www.inviteme.ro\/blog\/tematica-nuntii-tale-este-ocazia-perfecta\/#respond\"]}]},{\"@type\":\"WebPage\",\"@id\":\"https:\/\/www.inviteme.ro\/blog\/tematica-nuntii-tale-este-ocazia-perfecta\/\",\"url\":\"https:\/\/www.inviteme.ro\/blog\/tematica-nuntii-tale-este-ocazia-perfecta\/\",\"name\":\"Ce tematic\u0103 alegem pentru nunta noastr\u0103? - Blog InviteMe.ro\",\"isPartOf\":{\"@id\":\"https:\/\/www.inviteme.ro\/blog\/#website\"},\"datePublished\":\"2023-02-09T23:24:15+00:00\",\"dateModified\":\"2023-02-10T10:11:12+00:00\",\"description\":\"Tematica nun\u021bii tale este ocazia perfect\u0103 de a transforma aceast\u0103 zi special\u0103 \u00eentr-o adev\u0103rat\u0103 reflec\u021bie a stilului vostru ca \u0219i cuplu.\",\"breadcrumb\":{\"@id\":\"https:\/\/www.inviteme.ro\/blog\/tematica-nuntii-tale-este-ocazia-perfecta\/#breadcrumb\"},\"inLanguage\":\"ro-RO\",\"potentialAction\":[{\"@type\":\"ReadAction\",\"target\":[\"https:\/\/www.inviteme.ro\/blog\/tematica-nuntii-tale-este-ocazia-perfecta\/\"]}]},{\"@type\":\"BreadcrumbList\",\"@id\":\"https:\/\/www.inviteme.ro\/blog\/tematica-nuntii-tale-este-ocazia-perfecta\/#breadcrumb\",\"itemListElement\":[{\"@type\":\"ListItem\",\"position\":1,\"name\":\"Home\",\"item\":\"https:\/\/www.inviteme.ro\/blog\/\"},{\"@type\":\"ListItem\",\"position\":2,\"name\":\"Ce tematic\u0103 alegem pentru nunta noastr\u0103?\"}]},{\"@type\":\"WebSite\",\"@id\":\"https:\/\/www.inviteme.ro\/blog\/#website\",\"url\":\"https:\/\/www.inviteme.ro\/blog\/\",\"name\":\"Blog InviteMe.ro\",\"description\":\"Prima impresie conteaza!\",\"publisher\":{\"@id\":\"https:\/\/www.inviteme.ro\/blog\/#organization\"},\"potentialAction\":[{\"@type\":\"SearchAction\",\"target\":{\"@type\":\"EntryPoint\",\"urlTemplate\":\"https:\/\/www.inviteme.ro\/blog\/?s={search_term_string}\"},\"query-input\":\"required name=search_term_string\"}],\"inLanguage\":\"ro-RO\"},{\"@type\":\"Organization\",\"@id\":\"https:\/\/www.inviteme.ro\/blog\/#organization\",\"name\":\"InviteMe.ro\",\"url\":\"https:\/\/www.inviteme.ro\/blog\/\",\"logo\":{\"@type\":\"ImageObject\",\"inLanguage\":\"ro-RO\",\"@id\":\"https:\/\/www.inviteme.ro\/blog\/#\/schema\/logo\/image\/\",\"url\":\"https:\/\/www.inviteme.ro\/blog\/wp-content\/uploads\/2023\/02\/logo-singur-alb-scaled.jpg\",\"contentUrl\":\"https:\/\/www.inviteme.ro\/blog\/wp-content\/uploads\/2023\/02\/logo-singur-alb-scaled.jpg\",\"width\":2560,\"height\":1004,\"caption\":\"InviteMe.ro\"},\"image\":{\"@id\":\"https:\/\/www.inviteme.ro\/blog\/#\/schema\/logo\/image\/\"},\"sameAs\":[\"https:\/\/www.facebook.com\/invitatiidigitale\"]},{\"@type\":\"Person\",\"@id\":\"https:\/\/www.inviteme.ro\/blog\/#\/schema\/person\/59954049d723e153b52480f05d4791a5\",\"name\":\"InviteMe\",\"image\":{\"@type\":\"ImageObject\",\"inLanguage\":\"ro-RO\",\"@id\":\"https:\/\/www.inviteme.ro\/blog\/#\/schema\/person\/image\/\",\"url\":\"https:\/\/secure.gravatar.com\/avatar\/3dcac086bf5e2425a7e1b8b3f0c321f4?s=96&d=mm&r=g\",\"contentUrl\":\"https:\/\/secure.gravatar.com\/avatar\/3dcac086bf5e2425a7e1b8b3f0c321f4?s=96&d=mm&r=g\",\"caption\":\"InviteMe\"},\"url\":\"https:\/\/www.inviteme.ro\/blog\/author\/inviteme_admin\/\"}]}<\/script>\n<!-- \/ Yoast SEO plugin. -->","yoast_head_json":{"title":"Ce tematic\u0103 alegem pentru nunta noastr\u0103? - Blog InviteMe.ro","description":"Tematica nun\u021bii tale este ocazia perfect\u0103 de a transforma aceast\u0103 zi special\u0103 \u00eentr-o adev\u0103rat\u0103 reflec\u021bie a stilului vostru ca \u0219i cuplu.","robots":{"index":"index","follow":"follow","max-snippet":"max-snippet:-1","max-image-preview":"max-image-preview:large","max-video-preview":"max-video-preview:-1"},"canonical":"https:\/\/www.inviteme.ro\/blog\/tematica-nuntii-tale-este-ocazia-perfecta\/","og_locale":"ro_RO","og_type":"article","og_title":"Ce tematic\u0103 alegem pentru nunta noastr\u0103? - Blog InviteMe.ro","og_description":"Tematica nun\u021bii tale este ocazia perfect\u0103 de a transforma aceast\u0103 zi special\u0103 \u00eentr-o adev\u0103rat\u0103 reflec\u021bie a stilului vostru ca \u0219i cuplu.","og_url":"https:\/\/www.inviteme.ro\/blog\/tematica-nuntii-tale-este-ocazia-perfecta\/","og_site_name":"Blog InviteMe.ro","article_publisher":"https:\/\/www.facebook.com\/invitatiidigitale","article_published_time":"2023-02-09T23:24:15+00:00","article_modified_time":"2023-02-10T10:11:12+00:00","og_image":[{"width":2048,"height":1362,"url":"https:\/\/www.inviteme.ro\/blog\/wp-content\/uploads\/2023\/02\/52914704_2667617783280768_5352628917062598656_n.jpeg","type":"image\/jpeg"}],"author":"InviteMe","twitter_card":"summary_large_image","twitter_misc":{"Scris de":"InviteMe","Timp estimat pentru citire":"7 minute"},"schema":{"@context":"https:\/\/schema.org","@graph":[{"@type":"Article","@id":"https:\/\/www.inviteme.ro\/blog\/tematica-nuntii-tale-este-ocazia-perfecta\/#article","isPartOf":{"@id":"https:\/\/www.inviteme.ro\/blog\/tematica-nuntii-tale-este-ocazia-perfecta\/"},"author":{"name":"InviteMe","@id":"https:\/\/www.inviteme.ro\/blog\/#\/schema\/person\/59954049d723e153b52480f05d4791a5"},"headline":"Ce tematic\u0103 alegem pentru nunta noastr\u0103?","datePublished":"2023-02-09T23:24:15+00:00","dateModified":"2023-02-10T10:11:12+00:00","mainEntityOfPage":{"@id":"https:\/\/www.inviteme.ro\/blog\/tematica-nuntii-tale-este-ocazia-perfecta\/"},"wordCount":1113,"commentCount":0,"publisher":{"@id":"https:\/\/www.inviteme.ro\/blog\/#organization"},"articleSection":["Nunta"],"inLanguage":"ro-RO","potentialAction":[{"@type":"CommentAction","name":"Comment","target":["https:\/\/www.inviteme.ro\/blog\/tematica-nuntii-tale-este-ocazia-perfecta\/#respond"]}]},{"@type":"WebPage","@id":"https:\/\/www.inviteme.ro\/blog\/tematica-nuntii-tale-este-ocazia-perfecta\/","url":"https:\/\/www.inviteme.ro\/blog\/tematica-nuntii-tale-este-ocazia-perfecta\/","name":"Ce tematic\u0103 alegem pentru nunta noastr\u0103? - Blog InviteMe.ro","isPartOf":{"@id":"https:\/\/www.inviteme.ro\/blog\/#website"},"datePublished":"2023-02-09T23:24:15+00:00","dateModified":"2023-02-10T10:11:12+00:00","description":"Tematica nun\u021bii tale este ocazia perfect\u0103 de a transforma aceast\u0103 zi special\u0103 \u00eentr-o adev\u0103rat\u0103 reflec\u021bie a stilului vostru ca \u0219i cuplu.","breadcrumb":{"@id":"https:\/\/www.inviteme.ro\/blog\/tematica-nuntii-tale-este-ocazia-perfecta\/#breadcrumb"},"inLanguage":"ro-RO","potentialAction":[{"@type":"ReadAction","target":["https:\/\/www.inviteme.ro\/blog\/tematica-nuntii-tale-este-ocazia-perfecta\/"]}]},{"@type":"BreadcrumbList","@id":"https:\/\/www.inviteme.ro\/blog\/tematica-nuntii-tale-este-ocazia-perfecta\/#breadcrumb","itemListElement":[{"@type":"ListItem","position":1,"name":"Home","item":"https:\/\/www.inviteme.ro\/blog\/"},{"@type":"ListItem","position":2,"name":"Ce tematic\u0103 alegem pentru nunta noastr\u0103?"}]},{"@type":"WebSite","@id":"https:\/\/www.inviteme.ro\/blog\/#website","url":"https:\/\/www.inviteme.ro\/blog\/","name":"Blog InviteMe.ro","description":"Prima impresie conteaza!","publisher":{"@id":"https:\/\/www.inviteme.ro\/blog\/#organization"},"potentialAction":[{"@type":"SearchAction","target":{"@type":"EntryPoint","urlTemplate":"https:\/\/www.inviteme.ro\/blog\/?s={search_term_string}"},"query-input":"required name=search_term_string"}],"inLanguage":"ro-RO"},{"@type":"Organization","@id":"https:\/\/www.inviteme.ro\/blog\/#organization","name":"InviteMe.ro","url":"https:\/\/www.inviteme.ro\/blog\/","logo":{"@type":"ImageObject","inLanguage":"ro-RO","@id":"https:\/\/www.inviteme.ro\/blog\/#\/schema\/logo\/image\/","url":"https:\/\/www.inviteme.ro\/blog\/wp-content\/uploads\/2023\/02\/logo-singur-alb-scaled.jpg","contentUrl":"https:\/\/www.inviteme.ro\/blog\/wp-content\/uploads\/2023\/02\/logo-singur-alb-scaled.jpg","width":2560,"height":1004,"caption":"InviteMe.ro"},"image":{"@id":"https:\/\/www.inviteme.ro\/blog\/#\/schema\/logo\/image\/"},"sameAs":["https:\/\/www.facebook.com\/invitatiidigitale"]},{"@type":"Person","@id":"https:\/\/www.inviteme.ro\/blog\/#\/schema\/person\/59954049d723e153b52480f05d4791a5","name":"InviteMe","image":{"@type":"ImageObject","inLanguage":"ro-RO","@id":"https:\/\/www.inviteme.ro\/blog\/#\/schema\/person\/image\/","url":"https:\/\/secure.gravatar.com\/avatar\/3dcac086bf5e2425a7e1b8b3f0c321f4?s=96&d=mm&r=g","contentUrl":"https:\/\/secure.gravatar.com\/avatar\/3dcac086bf5e2425a7e1b8b3f0c321f4?s=96&d=mm&r=g","caption":"InviteMe"},"url":"https:\/\/www.inviteme.ro\/blog\/author\/inviteme_admin\/"}]}},"cc_featured_image_caption":{"caption_text":"","source_text":"","source_url":""},"_links":{"self":[{"href":"https:\/\/www.inviteme.ro\/blog\/wp-json\/wp\/v2\/posts\/362"}],"collection":[{"href":"https:\/\/www.inviteme.ro\/blog\/wp-json\/wp\/v2\/posts"}],"about":[{"href":"https:\/\/www.inviteme.ro\/blog\/wp-json\/wp\/v2\/types\/post"}],"author":[{"embeddable":true,"href":"https:\/\/www.inviteme.ro\/blog\/wp-json\/wp\/v2\/users\/1"}],"replies":[{"embeddable":true,"href":"https:\/\/www.inviteme.ro\/blog\/wp-json\/wp\/v2\/comments?post=362"}],"version-history":[{"count":15,"href":"https:\/\/www.inviteme.ro\/blog\/wp-json\/wp\/v2\/posts\/362\/revisions"}],"predecessor-version":[{"id":457,"href":"https:\/\/www.inviteme.ro\/blog\/wp-json\/wp\/v2\/posts\/362\/revisions\/457"}],"wp:featuredmedia":[{"embeddable":true,"href":"https:\/\/www.inviteme.ro\/blog\/wp-json\/wp\/v2\/media\/411"}],"wp:attachment":[{"href":"https:\/\/www.inviteme.ro\/blog\/wp-json\/wp\/v2\/media?parent=362"}],"wp:term":[{"taxonomy":"category","embeddable":true,"href":"https:\/\/www.inviteme.ro\/blog\/wp-json\/wp\/v2\/categories?post=362"},{"taxonomy":"post_tag","embeddable":true,"href":"https:\/\/www.inviteme.ro\/blog\/wp-json\/wp\/v2\/tags?post=362"}],"curies":[{"name":"wp","href":"https:\/\/api.w.org\/{rel}","templated":true}]}}